{"id":123,"date":"2020-04-28T17:20:14","date_gmt":"2020-04-28T17:20:14","guid":{"rendered":"http:\/\/beautyconhair.de\/?p=123"},"modified":"2020-04-28T17:21:34","modified_gmt":"2020-04-28T17:21:34","slug":"hygienevorschriften-fuer-die-zeit-mit-dem-corona-virus-ab-dem-4-mai-2020","status":"publish","type":"post","link":"https:\/\/beautyconhair.de\/?p=123","title":{"rendered":"Hygienevorschriften f\u00fcr die Zeit mit dem Corona-Virus ab dem 4. Mai 2020"},"content":{"rendered":"\n<p><strong>Mundschutz<\/strong><\/p>\n\n\n\n<p>Aufenthalt nur mit Mundschutz in unseren R\u00e4umlichkeiten<\/p>\n\n\n\n<p><strong>Abstand halten!<\/strong><\/p>\n\n\n\n<p>Mindestens 1,5 Meter zu anderen Personen<\/p>\n\n\n\n<p><strong>Handdesinfektion<\/strong><\/p>\n\n\n\n<p>Bitte bei Eintritt das bereitgestellte Desinfektionsmittel benutzen<\/p>\n\n\n\n<p><strong>Warten \/ Wartebereich<\/strong><\/p>\n\n\n\n<p>Es ist nicht gestattet in unseren R\u00e4umlichkeiten zu warten. Bitte kommen Sie zeitnah zu Ihrem Termin. Wir bitten Sie dann herein. <br>Es kann durchaus vorkommen, dass Sie aufgrund der erh\u00f6hten Hygienema\u00dfnahmen l\u00e4ngere Wartezeiten haben. <br><\/p>\n\n\n\n<p><strong>Trockenhaarschnitte<\/strong><\/p>\n\n\n\n<p>Trockenhaarschnitte d\u00fcrfen nicht durchgef\u00fchrt werden. Wir waschen Ihre Haare im Salon.<\/p>\n\n\n\n<p><strong>Kosmetische Dienstleistungen <\/strong><\/p>\n\n\n\n<p>Es werden keine kosmetischem Dienstleistungen im Moment angeboten. Dazu geh\u00f6rt Augenbrauen f\u00e4rben und zupfen. Bart schneiden oder Wimpern f\u00e4rben.<\/p>\n\n\n\n<p><strong>Keine Bewirtung \/ keine Zeitungen oder Zeitschriften<\/strong><\/p>\n\n\n\n<p>Bitte bringen Sie sich Ihre Getr\u00e4nke oder Zeitungen selbst mit.<\/p>\n\n\n\n<p><strong>Verkaufsware<\/strong><\/p>\n\n\n\n<p>Die Verkaufsware geben wir Ihnen gerne aus den Regalen in einer T\u00fcte mit nach Hause<\/p>\n\n\n\n<p>Vielen Dank f\u00fcr Ihr Verst\u00e4ndnis!<\/p>\n","protected":false},"excerpt":{"rendered":"<p>Mundschutz Aufenthalt nur mit Mundschutz in unseren R\u00e4umlichkeiten Abstand halten! Mindestens 1,5 Meter zu anderen Personen Handdesinfektion Bitte bei Eintritt das bereitgestellte Desinfektionsmittel benutzen Warten \/ Wartebereich Es ist nicht gestattet in unseren R\u00e4umlichkeiten zu warten. Bitte kommen Sie zeitnah zu Ihrem Termin. Wir bitten Sie dann herein. Es kann durchaus vorkommen, dass Sie aufgrund &hellip; <\/p>\n<p class=\"link-more\"><a href=\"https:\/\/beautyconhair.de\/?p=123\" class=\"more-link\"><span class=\"screen-reader-text\">\u201eHygienevorschriften f\u00fcr die Zeit mit dem Corona-Virus ab dem 4. Mai 2020\u201c<\/span> weiterlesen<\/a><\/p>\n","protected":false},"author":1,"featured_media":0,"comment_status":"open","ping_status":"open","sticky":false,"template":"","format":"standard","meta":{"footnotes":""},"categories":[1],"tags":[],"class_list":["post-123","post","type-post","status-publish","format-standard","hentry","category-uncategorized"],"_links":{"self":[{"href":"https:\/\/beautyconhair.de\/index.php?rest_route=\/wp\/v2\/posts\/123","targetHints":{"allow":["GET"]}}],"collection":[{"href":"https:\/\/beautyconhair.de\/index.php?rest_route=\/wp\/v2\/posts"}],"about":[{"href":"https:\/\/beautyconhair.de\/index.php?rest_route=\/wp\/v2\/types\/post"}],"author":[{"embeddable":true,"href":"https:\/\/beautyconhair.de\/index.php?rest_route=\/wp\/v2\/users\/1"}],"replies":[{"embeddable":true,"href":"https:\/\/beautyconhair.de\/index.php?rest_route=%2Fwp%2Fv2%2Fcomments&post=123"}],"version-history":[{"count":2,"href":"https:\/\/beautyconhair.de\/index.php?rest_route=\/wp\/v2\/posts\/123\/revisions"}],"predecessor-version":[{"id":125,"href":"https:\/\/beautyconhair.de\/index.php?rest_route=\/wp\/v2\/posts\/123\/revisions\/125"}],"wp:attachment":[{"href":"https:\/\/beautyconhair.de\/index.php?rest_route=%2Fwp%2Fv2%2Fmedia&parent=123"}],"wp:term":[{"taxonomy":"category","embeddable":true,"href":"https:\/\/beautyconhair.de\/index.php?rest_route=%2Fwp%2Fv2%2Fcategories&post=123"},{"taxonomy":"post_tag","embeddable":true,"href":"https:\/\/beautyconhair.de\/index.php?rest_route=%2Fwp%2Fv2%2Ftags&post=123"}],"curies":[{"name":"wp","href":"https:\/\/api.w.org\/{rel}","templated":true}]}}